{"id":558,"date":"2015-07-22T11:28:51","date_gmt":"2015-07-22T10:28:51","guid":{"rendered":"http:\/\/www.cavegrandebrosse.com\/wordpress\/?p=558"},"modified":"2015-09-09T10:26:42","modified_gmt":"2015-09-09T09:26:42","slug":"les-portes-ouvertes-et-nos-nouveaux-millesimes","status":"publish","type":"post","link":"https:\/\/www.cavegrandebrosse.com\/fr\/les-portes-ouvertes-et-nos-nouveaux-millesimes\/","title":{"rendered":"Les portes ouvertes et nos nouveaux Mill\u00e9simes"},"content":{"rendered":"<p><img loading=\"lazy\" decoding=\"async\" class=\"alignnone size-medium wp-image-542\" src=\"https:\/\/www.cavegrandebrosse.com\/wordpress\/wp-content\/uploads\/2015\/06\/presentation-vins-300x153.jpg\" alt=\"presentation-vins\" width=\"300\" height=\"153\" srcset=\"https:\/\/www.cavegrandebrosse.com\/fr\/wp-content\/uploads\/2015\/06\/presentation-vins-300x153.jpg 300w, https:\/\/www.cavegrandebrosse.com\/fr\/wp-content\/uploads\/2015\/06\/presentation-vins.jpg 1000w\" sizes=\"auto, (max-width: 300px) 100vw, 300px\" \/><\/p>\n<p>Nos portes ouvertes et la pr\u00e9sentation de nos nouveaux Mill\u00e9simes auront lieu<br \/>\nle 21 et 22 novembre 2015.<\/p>\n","protected":false},"excerpt":{"rendered":"<p>Nos portes ouvertes et la pr\u00e9sentation de nos nouveaux Mill\u00e9simes auront lieu le 21 et 22 novembre 2015.<\/p>\n","protected":false},"author":2,"featured_media":0,"comment_status":"closed","ping_status":"closed","sticky":false,"template":"","format":"aside","meta":{"footnotes":""},"categories":[1],"tags":[],"class_list":["post-558","post","type-post","status-publish","format-aside","hentry","category-non-classe","post_format-post-format-aside"],"yoast_head":"<!-- This site is optimized with the Yoast SEO plugin v27.3 - https:\/\/yoast.com\/product\/yoast-seo-wordpress\/ -->\n<title>Les portes ouvertes et nos nouveaux Mill\u00e9simes - Cave de la Grande Brosse<\/title>\n<meta name=\"robots\" content=\"index, follow, max-snippet:-1, max-image-preview:large, max-video-preview:-1\" \/>\n<link rel=\"canonical\" href=\"https:\/\/www.cavegrandebrosse.com\/fr\/les-portes-ouvertes-et-nos-nouveaux-millesimes\/\" \/>\n<meta property=\"og:locale\" content=\"fr_FR\" \/>\n<meta property=\"og:type\" content=\"article\" \/>\n<meta property=\"og:title\" content=\"Les portes ouvertes et nos nouveaux Mill\u00e9simes - Cave de la Grande Brosse\" \/>\n<meta property=\"og:description\" content=\"Nos portes ouvertes et la pr\u00e9sentation de nos nouveaux Mill\u00e9simes auront lieu le 21 et 22 novembre 2015.\" \/>\n<meta property=\"og:url\" content=\"https:\/\/www.cavegrandebrosse.com\/fr\/les-portes-ouvertes-et-nos-nouveaux-millesimes\/\" \/>\n<meta property=\"og:site_name\" content=\"Cave de la Grande Brosse\" \/>\n<meta property=\"article:published_time\" content=\"2015-07-22T10:28:51+00:00\" \/>\n<meta property=\"article:modified_time\" content=\"2015-09-09T09:26:42+00:00\" \/>\n<meta property=\"og:image\" content=\"https:\/\/www.cavegrandebrosse.com\/wordpress\/wp-content\/uploads\/2015\/06\/presentation-vins-300x153.jpg\" \/>\n<meta name=\"author\" content=\"Philippe Oudin\" \/>\n<meta name=\"twitter:card\" content=\"summary_large_image\" \/>\n<meta name=\"twitter:label1\" content=\"\u00c9crit par\" \/>\n\t<meta name=\"twitter:data1\" content=\"Philippe Oudin\" \/>\n<script type=\"application\/ld+json\" class=\"yoast-schema-graph\">{\"@context\":\"https:\\\/\\\/schema.org\",\"@graph\":[{\"@type\":\"Article\",\"@id\":\"https:\\\/\\\/www.cavegrandebrosse.com\\\/fr\\\/les-portes-ouvertes-et-nos-nouveaux-millesimes\\\/#article\",\"isPartOf\":{\"@id\":\"https:\\\/\\\/www.cavegrandebrosse.com\\\/fr\\\/les-portes-ouvertes-et-nos-nouveaux-millesimes\\\/\"},\"author\":{\"name\":\"Philippe Oudin\",\"@id\":\"https:\\\/\\\/www.cavegrandebrosse.com\\\/fr\\\/#\\\/schema\\\/person\\\/35de3f670bcb955979b579df866131ea\"},\"headline\":\"Les portes ouvertes et nos nouveaux Mill\u00e9simes\",\"datePublished\":\"2015-07-22T10:28:51+00:00\",\"dateModified\":\"2015-09-09T09:26:42+00:00\",\"mainEntityOfPage\":{\"@id\":\"https:\\\/\\\/www.cavegrandebrosse.com\\\/fr\\\/les-portes-ouvertes-et-nos-nouveaux-millesimes\\\/\"},\"wordCount\":25,\"image\":{\"@id\":\"https:\\\/\\\/www.cavegrandebrosse.com\\\/fr\\\/les-portes-ouvertes-et-nos-nouveaux-millesimes\\\/#primaryimage\"},\"thumbnailUrl\":\"https:\\\/\\\/www.cavegrandebrosse.com\\\/wordpress\\\/wp-content\\\/uploads\\\/2015\\\/06\\\/presentation-vins-300x153.jpg\",\"inLanguage\":\"fr-FR\"},{\"@type\":\"WebPage\",\"@id\":\"https:\\\/\\\/www.cavegrandebrosse.com\\\/fr\\\/les-portes-ouvertes-et-nos-nouveaux-millesimes\\\/\",\"url\":\"https:\\\/\\\/www.cavegrandebrosse.com\\\/fr\\\/les-portes-ouvertes-et-nos-nouveaux-millesimes\\\/\",\"name\":\"Les portes ouvertes et nos nouveaux Mill\u00e9simes - Cave de la Grande Brosse\",\"isPartOf\":{\"@id\":\"https:\\\/\\\/www.cavegrandebrosse.com\\\/fr\\\/#website\"},\"primaryImageOfPage\":{\"@id\":\"https:\\\/\\\/www.cavegrandebrosse.com\\\/fr\\\/les-portes-ouvertes-et-nos-nouveaux-millesimes\\\/#primaryimage\"},\"image\":{\"@id\":\"https:\\\/\\\/www.cavegrandebrosse.com\\\/fr\\\/les-portes-ouvertes-et-nos-nouveaux-millesimes\\\/#primaryimage\"},\"thumbnailUrl\":\"https:\\\/\\\/www.cavegrandebrosse.com\\\/wordpress\\\/wp-content\\\/uploads\\\/2015\\\/06\\\/presentation-vins-300x153.jpg\",\"datePublished\":\"2015-07-22T10:28:51+00:00\",\"dateModified\":\"2015-09-09T09:26:42+00:00\",\"author\":{\"@id\":\"https:\\\/\\\/www.cavegrandebrosse.com\\\/fr\\\/#\\\/schema\\\/person\\\/35de3f670bcb955979b579df866131ea\"},\"breadcrumb\":{\"@id\":\"https:\\\/\\\/www.cavegrandebrosse.com\\\/fr\\\/les-portes-ouvertes-et-nos-nouveaux-millesimes\\\/#breadcrumb\"},\"inLanguage\":\"fr-FR\",\"potentialAction\":[{\"@type\":\"ReadAction\",\"target\":[\"https:\\\/\\\/www.cavegrandebrosse.com\\\/fr\\\/les-portes-ouvertes-et-nos-nouveaux-millesimes\\\/\"]}]},{\"@type\":\"ImageObject\",\"inLanguage\":\"fr-FR\",\"@id\":\"https:\\\/\\\/www.cavegrandebrosse.com\\\/fr\\\/les-portes-ouvertes-et-nos-nouveaux-millesimes\\\/#primaryimage\",\"url\":\"https:\\\/\\\/www.cavegrandebrosse.com\\\/wordpress\\\/wp-content\\\/uploads\\\/2015\\\/06\\\/presentation-vins-300x153.jpg\",\"contentUrl\":\"https:\\\/\\\/www.cavegrandebrosse.com\\\/wordpress\\\/wp-content\\\/uploads\\\/2015\\\/06\\\/presentation-vins-300x153.jpg\"},{\"@type\":\"BreadcrumbList\",\"@id\":\"https:\\\/\\\/www.cavegrandebrosse.com\\\/fr\\\/les-portes-ouvertes-et-nos-nouveaux-millesimes\\\/#breadcrumb\",\"itemListElement\":[{\"@type\":\"ListItem\",\"position\":1,\"name\":\"Accueil\",\"item\":\"https:\\\/\\\/www.cavegrandebrosse.com\\\/fr\\\/\"},{\"@type\":\"ListItem\",\"position\":2,\"name\":\"Les portes ouvertes et nos nouveaux Mill\u00e9simes\"}]},{\"@type\":\"WebSite\",\"@id\":\"https:\\\/\\\/www.cavegrandebrosse.com\\\/fr\\\/#website\",\"url\":\"https:\\\/\\\/www.cavegrandebrosse.com\\\/fr\\\/\",\"name\":\"Cave de la Grande Brosse\",\"description\":\"\",\"potentialAction\":[{\"@type\":\"SearchAction\",\"target\":{\"@type\":\"EntryPoint\",\"urlTemplate\":\"https:\\\/\\\/www.cavegrandebrosse.com\\\/fr\\\/?s={search_term_string}\"},\"query-input\":{\"@type\":\"PropertyValueSpecification\",\"valueRequired\":true,\"valueName\":\"search_term_string\"}}],\"inLanguage\":\"fr-FR\"},{\"@type\":\"Person\",\"@id\":\"https:\\\/\\\/www.cavegrandebrosse.com\\\/fr\\\/#\\\/schema\\\/person\\\/35de3f670bcb955979b579df866131ea\",\"name\":\"Philippe Oudin\",\"image\":{\"@type\":\"ImageObject\",\"inLanguage\":\"fr-FR\",\"@id\":\"https:\\\/\\\/secure.gravatar.com\\\/avatar\\\/24724e2515b340db4cb268433938bcaf49ee8d247f4751f2bec5c8acf6f5ba96?s=96&d=mm&r=g\",\"url\":\"https:\\\/\\\/secure.gravatar.com\\\/avatar\\\/24724e2515b340db4cb268433938bcaf49ee8d247f4751f2bec5c8acf6f5ba96?s=96&d=mm&r=g\",\"contentUrl\":\"https:\\\/\\\/secure.gravatar.com\\\/avatar\\\/24724e2515b340db4cb268433938bcaf49ee8d247f4751f2bec5c8acf6f5ba96?s=96&d=mm&r=g\",\"caption\":\"Philippe Oudin\"},\"sameAs\":[\"http:\\\/\\\/www.cavegrandebrosse.com\"],\"url\":\"https:\\\/\\\/www.cavegrandebrosse.com\\\/fr\\\/author\\\/cave-grande-brosse\\\/\"}]}<\/script>\n<!-- \/ Yoast SEO plugin. -->","yoast_head_json":{"title":"Les portes ouvertes et nos nouveaux Mill\u00e9simes - Cave de la Grande Brosse","robots":{"index":"index","follow":"follow","max-snippet":"max-snippet:-1","max-image-preview":"max-image-preview:large","max-video-preview":"max-video-preview:-1"},"canonical":"https:\/\/www.cavegrandebrosse.com\/fr\/les-portes-ouvertes-et-nos-nouveaux-millesimes\/","og_locale":"fr_FR","og_type":"article","og_title":"Les portes ouvertes et nos nouveaux Mill\u00e9simes - Cave de la Grande Brosse","og_description":"Nos portes ouvertes et la pr\u00e9sentation de nos nouveaux Mill\u00e9simes auront lieu le 21 et 22 novembre 2015.","og_url":"https:\/\/www.cavegrandebrosse.com\/fr\/les-portes-ouvertes-et-nos-nouveaux-millesimes\/","og_site_name":"Cave de la Grande Brosse","article_published_time":"2015-07-22T10:28:51+00:00","article_modified_time":"2015-09-09T09:26:42+00:00","og_image":[{"url":"https:\/\/www.cavegrandebrosse.com\/wordpress\/wp-content\/uploads\/2015\/06\/presentation-vins-300x153.jpg","type":"","width":"","height":""}],"author":"Philippe Oudin","twitter_card":"summary_large_image","twitter_misc":{"\u00c9crit par":"Philippe Oudin"},"schema":{"@context":"https:\/\/schema.org","@graph":[{"@type":"Article","@id":"https:\/\/www.cavegrandebrosse.com\/fr\/les-portes-ouvertes-et-nos-nouveaux-millesimes\/#article","isPartOf":{"@id":"https:\/\/www.cavegrandebrosse.com\/fr\/les-portes-ouvertes-et-nos-nouveaux-millesimes\/"},"author":{"name":"Philippe Oudin","@id":"https:\/\/www.cavegrandebrosse.com\/fr\/#\/schema\/person\/35de3f670bcb955979b579df866131ea"},"headline":"Les portes ouvertes et nos nouveaux Mill\u00e9simes","datePublished":"2015-07-22T10:28:51+00:00","dateModified":"2015-09-09T09:26:42+00:00","mainEntityOfPage":{"@id":"https:\/\/www.cavegrandebrosse.com\/fr\/les-portes-ouvertes-et-nos-nouveaux-millesimes\/"},"wordCount":25,"image":{"@id":"https:\/\/www.cavegrandebrosse.com\/fr\/les-portes-ouvertes-et-nos-nouveaux-millesimes\/#primaryimage"},"thumbnailUrl":"https:\/\/www.cavegrandebrosse.com\/wordpress\/wp-content\/uploads\/2015\/06\/presentation-vins-300x153.jpg","inLanguage":"fr-FR"},{"@type":"WebPage","@id":"https:\/\/www.cavegrandebrosse.com\/fr\/les-portes-ouvertes-et-nos-nouveaux-millesimes\/","url":"https:\/\/www.cavegrandebrosse.com\/fr\/les-portes-ouvertes-et-nos-nouveaux-millesimes\/","name":"Les portes ouvertes et nos nouveaux Mill\u00e9simes - Cave de la Grande Brosse","isPartOf":{"@id":"https:\/\/www.cavegrandebrosse.com\/fr\/#website"},"primaryImageOfPage":{"@id":"https:\/\/www.cavegrandebrosse.com\/fr\/les-portes-ouvertes-et-nos-nouveaux-millesimes\/#primaryimage"},"image":{"@id":"https:\/\/www.cavegrandebrosse.com\/fr\/les-portes-ouvertes-et-nos-nouveaux-millesimes\/#primaryimage"},"thumbnailUrl":"https:\/\/www.cavegrandebrosse.com\/wordpress\/wp-content\/uploads\/2015\/06\/presentation-vins-300x153.jpg","datePublished":"2015-07-22T10:28:51+00:00","dateModified":"2015-09-09T09:26:42+00:00","author":{"@id":"https:\/\/www.cavegrandebrosse.com\/fr\/#\/schema\/person\/35de3f670bcb955979b579df866131ea"},"breadcrumb":{"@id":"https:\/\/www.cavegrandebrosse.com\/fr\/les-portes-ouvertes-et-nos-nouveaux-millesimes\/#breadcrumb"},"inLanguage":"fr-FR","potentialAction":[{"@type":"ReadAction","target":["https:\/\/www.cavegrandebrosse.com\/fr\/les-portes-ouvertes-et-nos-nouveaux-millesimes\/"]}]},{"@type":"ImageObject","inLanguage":"fr-FR","@id":"https:\/\/www.cavegrandebrosse.com\/fr\/les-portes-ouvertes-et-nos-nouveaux-millesimes\/#primaryimage","url":"https:\/\/www.cavegrandebrosse.com\/wordpress\/wp-content\/uploads\/2015\/06\/presentation-vins-300x153.jpg","contentUrl":"https:\/\/www.cavegrandebrosse.com\/wordpress\/wp-content\/uploads\/2015\/06\/presentation-vins-300x153.jpg"},{"@type":"BreadcrumbList","@id":"https:\/\/www.cavegrandebrosse.com\/fr\/les-portes-ouvertes-et-nos-nouveaux-millesimes\/#breadcrumb","itemListElement":[{"@type":"ListItem","position":1,"name":"Accueil","item":"https:\/\/www.cavegrandebrosse.com\/fr\/"},{"@type":"ListItem","position":2,"name":"Les portes ouvertes et nos nouveaux Mill\u00e9simes"}]},{"@type":"WebSite","@id":"https:\/\/www.cavegrandebrosse.com\/fr\/#website","url":"https:\/\/www.cavegrandebrosse.com\/fr\/","name":"Cave de la Grande Brosse","description":"","potentialAction":[{"@type":"SearchAction","target":{"@type":"EntryPoint","urlTemplate":"https:\/\/www.cavegrandebrosse.com\/fr\/?s={search_term_string}"},"query-input":{"@type":"PropertyValueSpecification","valueRequired":true,"valueName":"search_term_string"}}],"inLanguage":"fr-FR"},{"@type":"Person","@id":"https:\/\/www.cavegrandebrosse.com\/fr\/#\/schema\/person\/35de3f670bcb955979b579df866131ea","name":"Philippe Oudin","image":{"@type":"ImageObject","inLanguage":"fr-FR","@id":"https:\/\/secure.gravatar.com\/avatar\/24724e2515b340db4cb268433938bcaf49ee8d247f4751f2bec5c8acf6f5ba96?s=96&d=mm&r=g","url":"https:\/\/secure.gravatar.com\/avatar\/24724e2515b340db4cb268433938bcaf49ee8d247f4751f2bec5c8acf6f5ba96?s=96&d=mm&r=g","contentUrl":"https:\/\/secure.gravatar.com\/avatar\/24724e2515b340db4cb268433938bcaf49ee8d247f4751f2bec5c8acf6f5ba96?s=96&d=mm&r=g","caption":"Philippe Oudin"},"sameAs":["http:\/\/www.cavegrandebrosse.com"],"url":"https:\/\/www.cavegrandebrosse.com\/fr\/author\/cave-grande-brosse\/"}]}},"_links":{"self":[{"href":"https:\/\/www.cavegrandebrosse.com\/fr\/wp-json\/wp\/v2\/posts\/558","targetHints":{"allow":["GET"]}}],"collection":[{"href":"https:\/\/www.cavegrandebrosse.com\/fr\/wp-json\/wp\/v2\/posts"}],"about":[{"href":"https:\/\/www.cavegrandebrosse.com\/fr\/wp-json\/wp\/v2\/types\/post"}],"author":[{"embeddable":true,"href":"https:\/\/www.cavegrandebrosse.com\/fr\/wp-json\/wp\/v2\/users\/2"}],"replies":[{"embeddable":true,"href":"https:\/\/www.cavegrandebrosse.com\/fr\/wp-json\/wp\/v2\/comments?post=558"}],"version-history":[{"count":2,"href":"https:\/\/www.cavegrandebrosse.com\/fr\/wp-json\/wp\/v2\/posts\/558\/revisions"}],"predecessor-version":[{"id":621,"href":"https:\/\/www.cavegrandebrosse.com\/fr\/wp-json\/wp\/v2\/posts\/558\/revisions\/621"}],"wp:attachment":[{"href":"https:\/\/www.cavegrandebrosse.com\/fr\/wp-json\/wp\/v2\/media?parent=558"}],"wp:term":[{"taxonomy":"category","embeddable":true,"href":"https:\/\/www.cavegrandebrosse.com\/fr\/wp-json\/wp\/v2\/categories?post=558"},{"taxonomy":"post_tag","embeddable":true,"href":"https:\/\/www.cavegrandebrosse.com\/fr\/wp-json\/wp\/v2\/tags?post=558"}],"curies":[{"name":"wp","href":"https:\/\/api.w.org\/{rel}","templated":true}]}}