{"id":737,"date":"2017-02-26T18:40:30","date_gmt":"2017-02-26T17:40:30","guid":{"rendered":"http:\/\/www.cavegrandebrosse.com\/fr\/?p=737"},"modified":"2017-02-26T18:40:30","modified_gmt":"2017-02-26T17:40:30","slug":"la-delegation-marocaine-de-tourisme-en-visite-a-la-cave","status":"publish","type":"post","link":"https:\/\/www.cavegrandebrosse.com\/fr\/la-delegation-marocaine-de-tourisme-en-visite-a-la-cave\/","title":{"rendered":"La d\u00e9l\u00e9gation marocaine et l&rsquo;oenotourisme"},"content":{"rendered":"<p><a href=\"https:\/\/www.cavegrandebrosse.com\/fr\/wp-content\/uploads\/2017\/02\/delegation-marocaine.png\"><img loading=\"lazy\" decoding=\"async\" class=\"alignnone  wp-image-733\" src=\"https:\/\/www.cavegrandebrosse.com\/fr\/wp-content\/uploads\/2017\/02\/delegation-marocaine-300x184.png\" alt=\"delegation marocaine\" width=\"425\" height=\"267\" \/><\/a><\/p>\n<blockquote><p>\u00ab\u00a0Les convives ont \u00e9t\u00e9 subjugu\u00e9s par la cave et les galeries situ\u00e9es \u00e0 40\u00a0m sous terre de Philippe Oudin, qui a d\u00e9velopp\u00e9 l&rsquo;\u0153notourisme. Les \u00e9trangers s&rsquo;y bousculent pour parcourir ces souterrains, y d\u00e9guster les mill\u00e9simes et m\u00eame y partager un repas.\u00a0\u00bb (La Nouvelle R\u00e9publique du 18 f\u00e9vrier 2017).<\/p><\/blockquote>\n<h6><strong><span style=\"color: #339966;\">Nous sommes tr\u00e8s fiers d&rsquo;avoir \u00e9t\u00e9 s\u00e9lectionn\u00e9s pour cette visite!<\/span><\/strong><\/h6>\n","protected":false},"excerpt":{"rendered":"<p>\u00ab\u00a0Les convives ont \u00e9t\u00e9 subjugu\u00e9s par la cave et les galeries situ\u00e9es \u00e0 40\u00a0m sous terre de Philippe Oudin, qui a d\u00e9velopp\u00e9 l&rsquo;\u0153notourisme. Les \u00e9trangers s&rsquo;y bousculent pour parcourir ces <a class=\"more-link\" href=\"https:\/\/www.cavegrandebrosse.com\/fr\/la-delegation-marocaine-de-tourisme-en-visite-a-la-cave\/\">Continue Reading &rarr;<\/a><\/p>\n","protected":false},"author":2,"featured_media":0,"comment_status":"closed","ping_status":"closed","sticky":false,"template":"","format":"aside","meta":{"footnotes":""},"categories":[1],"tags":[],"class_list":["post-737","post","type-post","status-publish","format-aside","hentry","category-non-classe","post_format-post-format-aside"],"yoast_head":"<!-- This site is optimized with the Yoast SEO plugin v27.3 - https:\/\/yoast.com\/product\/yoast-seo-wordpress\/ -->\n<title>La d\u00e9l\u00e9gation marocaine et l&#039;oenotourisme - Cave de la Grande Brosse<\/title>\n<meta name=\"robots\" content=\"index, follow, max-snippet:-1, max-image-preview:large, max-video-preview:-1\" \/>\n<link rel=\"canonical\" href=\"https:\/\/www.cavegrandebrosse.com\/fr\/la-delegation-marocaine-de-tourisme-en-visite-a-la-cave\/\" \/>\n<meta property=\"og:locale\" content=\"fr_FR\" \/>\n<meta property=\"og:type\" content=\"article\" \/>\n<meta property=\"og:title\" content=\"La d\u00e9l\u00e9gation marocaine et l&#039;oenotourisme - Cave de la Grande Brosse\" \/>\n<meta property=\"og:description\" content=\"\u00ab\u00a0Les convives ont \u00e9t\u00e9 subjugu\u00e9s par la cave et les galeries situ\u00e9es \u00e0 40\u00a0m sous terre de Philippe Oudin, qui a d\u00e9velopp\u00e9 l&rsquo;\u0153notourisme. Les \u00e9trangers s&rsquo;y bousculent pour parcourir ces Continue Reading &rarr;\" \/>\n<meta property=\"og:url\" content=\"https:\/\/www.cavegrandebrosse.com\/fr\/la-delegation-marocaine-de-tourisme-en-visite-a-la-cave\/\" \/>\n<meta property=\"og:site_name\" content=\"Cave de la Grande Brosse\" \/>\n<meta property=\"article:published_time\" content=\"2017-02-26T17:40:30+00:00\" \/>\n<meta property=\"og:image\" content=\"https:\/\/www.cavegrandebrosse.com\/fr\/wp-content\/uploads\/2017\/02\/delegation-marocaine-300x184.png\" \/>\n<meta name=\"author\" content=\"Philippe Oudin\" \/>\n<meta name=\"twitter:card\" content=\"summary_large_image\" \/>\n<meta name=\"twitter:label1\" content=\"\u00c9crit par\" \/>\n\t<meta name=\"twitter:data1\" content=\"Philippe Oudin\" \/>\n<script type=\"application\/ld+json\" class=\"yoast-schema-graph\">{\"@context\":\"https:\\\/\\\/schema.org\",\"@graph\":[{\"@type\":\"Article\",\"@id\":\"https:\\\/\\\/www.cavegrandebrosse.com\\\/fr\\\/la-delegation-marocaine-de-tourisme-en-visite-a-la-cave\\\/#article\",\"isPartOf\":{\"@id\":\"https:\\\/\\\/www.cavegrandebrosse.com\\\/fr\\\/la-delegation-marocaine-de-tourisme-en-visite-a-la-cave\\\/\"},\"author\":{\"name\":\"Philippe Oudin\",\"@id\":\"https:\\\/\\\/www.cavegrandebrosse.com\\\/fr\\\/#\\\/schema\\\/person\\\/35de3f670bcb955979b579df866131ea\"},\"headline\":\"La d\u00e9l\u00e9gation marocaine et l&rsquo;oenotourisme\",\"datePublished\":\"2017-02-26T17:40:30+00:00\",\"mainEntityOfPage\":{\"@id\":\"https:\\\/\\\/www.cavegrandebrosse.com\\\/fr\\\/la-delegation-marocaine-de-tourisme-en-visite-a-la-cave\\\/\"},\"wordCount\":77,\"image\":{\"@id\":\"https:\\\/\\\/www.cavegrandebrosse.com\\\/fr\\\/la-delegation-marocaine-de-tourisme-en-visite-a-la-cave\\\/#primaryimage\"},\"thumbnailUrl\":\"https:\\\/\\\/www.cavegrandebrosse.com\\\/fr\\\/wp-content\\\/uploads\\\/2017\\\/02\\\/delegation-marocaine-300x184.png\",\"inLanguage\":\"fr-FR\"},{\"@type\":\"WebPage\",\"@id\":\"https:\\\/\\\/www.cavegrandebrosse.com\\\/fr\\\/la-delegation-marocaine-de-tourisme-en-visite-a-la-cave\\\/\",\"url\":\"https:\\\/\\\/www.cavegrandebrosse.com\\\/fr\\\/la-delegation-marocaine-de-tourisme-en-visite-a-la-cave\\\/\",\"name\":\"La d\u00e9l\u00e9gation marocaine et l'oenotourisme - Cave de la Grande Brosse\",\"isPartOf\":{\"@id\":\"https:\\\/\\\/www.cavegrandebrosse.com\\\/fr\\\/#website\"},\"primaryImageOfPage\":{\"@id\":\"https:\\\/\\\/www.cavegrandebrosse.com\\\/fr\\\/la-delegation-marocaine-de-tourisme-en-visite-a-la-cave\\\/#primaryimage\"},\"image\":{\"@id\":\"https:\\\/\\\/www.cavegrandebrosse.com\\\/fr\\\/la-delegation-marocaine-de-tourisme-en-visite-a-la-cave\\\/#primaryimage\"},\"thumbnailUrl\":\"https:\\\/\\\/www.cavegrandebrosse.com\\\/fr\\\/wp-content\\\/uploads\\\/2017\\\/02\\\/delegation-marocaine-300x184.png\",\"datePublished\":\"2017-02-26T17:40:30+00:00\",\"author\":{\"@id\":\"https:\\\/\\\/www.cavegrandebrosse.com\\\/fr\\\/#\\\/schema\\\/person\\\/35de3f670bcb955979b579df866131ea\"},\"breadcrumb\":{\"@id\":\"https:\\\/\\\/www.cavegrandebrosse.com\\\/fr\\\/la-delegation-marocaine-de-tourisme-en-visite-a-la-cave\\\/#breadcrumb\"},\"inLanguage\":\"fr-FR\",\"potentialAction\":[{\"@type\":\"ReadAction\",\"target\":[\"https:\\\/\\\/www.cavegrandebrosse.com\\\/fr\\\/la-delegation-marocaine-de-tourisme-en-visite-a-la-cave\\\/\"]}]},{\"@type\":\"ImageObject\",\"inLanguage\":\"fr-FR\",\"@id\":\"https:\\\/\\\/www.cavegrandebrosse.com\\\/fr\\\/la-delegation-marocaine-de-tourisme-en-visite-a-la-cave\\\/#primaryimage\",\"url\":\"https:\\\/\\\/www.cavegrandebrosse.com\\\/fr\\\/wp-content\\\/uploads\\\/2017\\\/02\\\/delegation-marocaine.png\",\"contentUrl\":\"https:\\\/\\\/www.cavegrandebrosse.com\\\/fr\\\/wp-content\\\/uploads\\\/2017\\\/02\\\/delegation-marocaine.png\",\"width\":647,\"height\":396},{\"@type\":\"BreadcrumbList\",\"@id\":\"https:\\\/\\\/www.cavegrandebrosse.com\\\/fr\\\/la-delegation-marocaine-de-tourisme-en-visite-a-la-cave\\\/#breadcrumb\",\"itemListElement\":[{\"@type\":\"ListItem\",\"position\":1,\"name\":\"Accueil\",\"item\":\"https:\\\/\\\/www.cavegrandebrosse.com\\\/fr\\\/\"},{\"@type\":\"ListItem\",\"position\":2,\"name\":\"La d\u00e9l\u00e9gation marocaine et l&rsquo;oenotourisme\"}]},{\"@type\":\"WebSite\",\"@id\":\"https:\\\/\\\/www.cavegrandebrosse.com\\\/fr\\\/#website\",\"url\":\"https:\\\/\\\/www.cavegrandebrosse.com\\\/fr\\\/\",\"name\":\"Cave de la Grande Brosse\",\"description\":\"\",\"potentialAction\":[{\"@type\":\"SearchAction\",\"target\":{\"@type\":\"EntryPoint\",\"urlTemplate\":\"https:\\\/\\\/www.cavegrandebrosse.com\\\/fr\\\/?s={search_term_string}\"},\"query-input\":{\"@type\":\"PropertyValueSpecification\",\"valueRequired\":true,\"valueName\":\"search_term_string\"}}],\"inLanguage\":\"fr-FR\"},{\"@type\":\"Person\",\"@id\":\"https:\\\/\\\/www.cavegrandebrosse.com\\\/fr\\\/#\\\/schema\\\/person\\\/35de3f670bcb955979b579df866131ea\",\"name\":\"Philippe Oudin\",\"image\":{\"@type\":\"ImageObject\",\"inLanguage\":\"fr-FR\",\"@id\":\"https:\\\/\\\/secure.gravatar.com\\\/avatar\\\/24724e2515b340db4cb268433938bcaf49ee8d247f4751f2bec5c8acf6f5ba96?s=96&d=mm&r=g\",\"url\":\"https:\\\/\\\/secure.gravatar.com\\\/avatar\\\/24724e2515b340db4cb268433938bcaf49ee8d247f4751f2bec5c8acf6f5ba96?s=96&d=mm&r=g\",\"contentUrl\":\"https:\\\/\\\/secure.gravatar.com\\\/avatar\\\/24724e2515b340db4cb268433938bcaf49ee8d247f4751f2bec5c8acf6f5ba96?s=96&d=mm&r=g\",\"caption\":\"Philippe Oudin\"},\"sameAs\":[\"http:\\\/\\\/www.cavegrandebrosse.com\"],\"url\":\"https:\\\/\\\/www.cavegrandebrosse.com\\\/fr\\\/author\\\/cave-grande-brosse\\\/\"}]}<\/script>\n<!-- \/ Yoast SEO plugin. -->","yoast_head_json":{"title":"La d\u00e9l\u00e9gation marocaine et l'oenotourisme - Cave de la Grande Brosse","robots":{"index":"index","follow":"follow","max-snippet":"max-snippet:-1","max-image-preview":"max-image-preview:large","max-video-preview":"max-video-preview:-1"},"canonical":"https:\/\/www.cavegrandebrosse.com\/fr\/la-delegation-marocaine-de-tourisme-en-visite-a-la-cave\/","og_locale":"fr_FR","og_type":"article","og_title":"La d\u00e9l\u00e9gation marocaine et l'oenotourisme - Cave de la Grande Brosse","og_description":"\u00ab\u00a0Les convives ont \u00e9t\u00e9 subjugu\u00e9s par la cave et les galeries situ\u00e9es \u00e0 40\u00a0m sous terre de Philippe Oudin, qui a d\u00e9velopp\u00e9 l&rsquo;\u0153notourisme. Les \u00e9trangers s&rsquo;y bousculent pour parcourir ces Continue Reading &rarr;","og_url":"https:\/\/www.cavegrandebrosse.com\/fr\/la-delegation-marocaine-de-tourisme-en-visite-a-la-cave\/","og_site_name":"Cave de la Grande Brosse","article_published_time":"2017-02-26T17:40:30+00:00","og_image":[{"url":"https:\/\/www.cavegrandebrosse.com\/fr\/wp-content\/uploads\/2017\/02\/delegation-marocaine-300x184.png","type":"","width":"","height":""}],"author":"Philippe Oudin","twitter_card":"summary_large_image","twitter_misc":{"\u00c9crit par":"Philippe Oudin"},"schema":{"@context":"https:\/\/schema.org","@graph":[{"@type":"Article","@id":"https:\/\/www.cavegrandebrosse.com\/fr\/la-delegation-marocaine-de-tourisme-en-visite-a-la-cave\/#article","isPartOf":{"@id":"https:\/\/www.cavegrandebrosse.com\/fr\/la-delegation-marocaine-de-tourisme-en-visite-a-la-cave\/"},"author":{"name":"Philippe Oudin","@id":"https:\/\/www.cavegrandebrosse.com\/fr\/#\/schema\/person\/35de3f670bcb955979b579df866131ea"},"headline":"La d\u00e9l\u00e9gation marocaine et l&rsquo;oenotourisme","datePublished":"2017-02-26T17:40:30+00:00","mainEntityOfPage":{"@id":"https:\/\/www.cavegrandebrosse.com\/fr\/la-delegation-marocaine-de-tourisme-en-visite-a-la-cave\/"},"wordCount":77,"image":{"@id":"https:\/\/www.cavegrandebrosse.com\/fr\/la-delegation-marocaine-de-tourisme-en-visite-a-la-cave\/#primaryimage"},"thumbnailUrl":"https:\/\/www.cavegrandebrosse.com\/fr\/wp-content\/uploads\/2017\/02\/delegation-marocaine-300x184.png","inLanguage":"fr-FR"},{"@type":"WebPage","@id":"https:\/\/www.cavegrandebrosse.com\/fr\/la-delegation-marocaine-de-tourisme-en-visite-a-la-cave\/","url":"https:\/\/www.cavegrandebrosse.com\/fr\/la-delegation-marocaine-de-tourisme-en-visite-a-la-cave\/","name":"La d\u00e9l\u00e9gation marocaine et l'oenotourisme - Cave de la Grande Brosse","isPartOf":{"@id":"https:\/\/www.cavegrandebrosse.com\/fr\/#website"},"primaryImageOfPage":{"@id":"https:\/\/www.cavegrandebrosse.com\/fr\/la-delegation-marocaine-de-tourisme-en-visite-a-la-cave\/#primaryimage"},"image":{"@id":"https:\/\/www.cavegrandebrosse.com\/fr\/la-delegation-marocaine-de-tourisme-en-visite-a-la-cave\/#primaryimage"},"thumbnailUrl":"https:\/\/www.cavegrandebrosse.com\/fr\/wp-content\/uploads\/2017\/02\/delegation-marocaine-300x184.png","datePublished":"2017-02-26T17:40:30+00:00","author":{"@id":"https:\/\/www.cavegrandebrosse.com\/fr\/#\/schema\/person\/35de3f670bcb955979b579df866131ea"},"breadcrumb":{"@id":"https:\/\/www.cavegrandebrosse.com\/fr\/la-delegation-marocaine-de-tourisme-en-visite-a-la-cave\/#breadcrumb"},"inLanguage":"fr-FR","potentialAction":[{"@type":"ReadAction","target":["https:\/\/www.cavegrandebrosse.com\/fr\/la-delegation-marocaine-de-tourisme-en-visite-a-la-cave\/"]}]},{"@type":"ImageObject","inLanguage":"fr-FR","@id":"https:\/\/www.cavegrandebrosse.com\/fr\/la-delegation-marocaine-de-tourisme-en-visite-a-la-cave\/#primaryimage","url":"https:\/\/www.cavegrandebrosse.com\/fr\/wp-content\/uploads\/2017\/02\/delegation-marocaine.png","contentUrl":"https:\/\/www.cavegrandebrosse.com\/fr\/wp-content\/uploads\/2017\/02\/delegation-marocaine.png","width":647,"height":396},{"@type":"BreadcrumbList","@id":"https:\/\/www.cavegrandebrosse.com\/fr\/la-delegation-marocaine-de-tourisme-en-visite-a-la-cave\/#breadcrumb","itemListElement":[{"@type":"ListItem","position":1,"name":"Accueil","item":"https:\/\/www.cavegrandebrosse.com\/fr\/"},{"@type":"ListItem","position":2,"name":"La d\u00e9l\u00e9gation marocaine et l&rsquo;oenotourisme"}]},{"@type":"WebSite","@id":"https:\/\/www.cavegrandebrosse.com\/fr\/#website","url":"https:\/\/www.cavegrandebrosse.com\/fr\/","name":"Cave de la Grande Brosse","description":"","potentialAction":[{"@type":"SearchAction","target":{"@type":"EntryPoint","urlTemplate":"https:\/\/www.cavegrandebrosse.com\/fr\/?s={search_term_string}"},"query-input":{"@type":"PropertyValueSpecification","valueRequired":true,"valueName":"search_term_string"}}],"inLanguage":"fr-FR"},{"@type":"Person","@id":"https:\/\/www.cavegrandebrosse.com\/fr\/#\/schema\/person\/35de3f670bcb955979b579df866131ea","name":"Philippe Oudin","image":{"@type":"ImageObject","inLanguage":"fr-FR","@id":"https:\/\/secure.gravatar.com\/avatar\/24724e2515b340db4cb268433938bcaf49ee8d247f4751f2bec5c8acf6f5ba96?s=96&d=mm&r=g","url":"https:\/\/secure.gravatar.com\/avatar\/24724e2515b340db4cb268433938bcaf49ee8d247f4751f2bec5c8acf6f5ba96?s=96&d=mm&r=g","contentUrl":"https:\/\/secure.gravatar.com\/avatar\/24724e2515b340db4cb268433938bcaf49ee8d247f4751f2bec5c8acf6f5ba96?s=96&d=mm&r=g","caption":"Philippe Oudin"},"sameAs":["http:\/\/www.cavegrandebrosse.com"],"url":"https:\/\/www.cavegrandebrosse.com\/fr\/author\/cave-grande-brosse\/"}]}},"_links":{"self":[{"href":"https:\/\/www.cavegrandebrosse.com\/fr\/wp-json\/wp\/v2\/posts\/737","targetHints":{"allow":["GET"]}}],"collection":[{"href":"https:\/\/www.cavegrandebrosse.com\/fr\/wp-json\/wp\/v2\/posts"}],"about":[{"href":"https:\/\/www.cavegrandebrosse.com\/fr\/wp-json\/wp\/v2\/types\/post"}],"author":[{"embeddable":true,"href":"https:\/\/www.cavegrandebrosse.com\/fr\/wp-json\/wp\/v2\/users\/2"}],"replies":[{"embeddable":true,"href":"https:\/\/www.cavegrandebrosse.com\/fr\/wp-json\/wp\/v2\/comments?post=737"}],"version-history":[{"count":3,"href":"https:\/\/www.cavegrandebrosse.com\/fr\/wp-json\/wp\/v2\/posts\/737\/revisions"}],"predecessor-version":[{"id":740,"href":"https:\/\/www.cavegrandebrosse.com\/fr\/wp-json\/wp\/v2\/posts\/737\/revisions\/740"}],"wp:attachment":[{"href":"https:\/\/www.cavegrandebrosse.com\/fr\/wp-json\/wp\/v2\/media?parent=737"}],"wp:term":[{"taxonomy":"category","embeddable":true,"href":"https:\/\/www.cavegrandebrosse.com\/fr\/wp-json\/wp\/v2\/categories?post=737"},{"taxonomy":"post_tag","embeddable":true,"href":"https:\/\/www.cavegrandebrosse.com\/fr\/wp-json\/wp\/v2\/tags?post=737"}],"curies":[{"name":"wp","href":"https:\/\/api.w.org\/{rel}","templated":true}]}}